{"id":100832,"date":"2026-04-19T18:40:54","date_gmt":"2026-04-19T18:40:54","guid":{"rendered":"https:\/\/siliciopro.com\/silicio-organico-y-articulaciones\/"},"modified":"2026-04-25T14:23:51","modified_gmt":"2026-04-25T14:23:51","slug":"silicio-organico-y-articulaciones","status":"publish","type":"post","link":"https:\/\/siliciopro.com\/pt-pt\/silicio-organico-y-articulaciones\/","title":{"rendered":"Sil\u00edcio Org\u00e2nico e Articula\u00e7\u00f5es: Alivie a Dor e Recupere a sua Mobilidade de Forma Natural"},"content":{"rendered":"<p>[et_pb_section fb_built=&#8221;1&#8243; admin_label=&#8221;section&#8221; _builder_version=&#8221;4.16&#8243; global_colors_info=&#8221;{}&#8221;][et_pb_row admin_label=&#8221;linha&#8221; _builder_version=&#8221;4.16&#8243; background_size=&#8221;initial&#8221; background_position=&#8221;top_left&#8221; background_repeat=&#8221;repeat&#8221; global_colors_info=&#8221;{}&#8221;][et_pb_column type=&#8221;4_4&#8243; _builder_version=&#8221;4.16&#8243; custom_padding=&#8221;|||&#8221; global_colors_info=&#8221;{}&#8221; custom_padding__hover=&#8221;|||&#8221;][et_pb_text _builder_version=&#8221;4.27.6&#8243; _module_preset=&#8221;default&#8221; hover_enabled=&#8221;0&#8243; sticky_enabled=&#8221;0&#8243;]<\/p>\n<p class=\"font-claude-response-body break-words whitespace-normal leading-[1.7]\">Sente rigidez ao levantar-se de manh\u00e3? Doem-lhe os joelhos ao descer escadas? As suas articula\u00e7\u00f5es j\u00e1 n\u00e3o respondem como antes? N\u00e3o est\u00e1 sozinho. O desgaste articular afeta milh\u00f5es de pessoas \u2014 desportistas, pessoas mais velhas e tamb\u00e9m quem simplesmente nota como o passar do tempo cobra o seu pre\u00e7o \u00e0s articula\u00e7\u00f5es. O sil\u00edcio org\u00e2nico pode contribuir para manter a sa\u00fade articular atrav\u00e9s da regenera\u00e7\u00e3o da cartilagem, da redu\u00e7\u00e3o da inflama\u00e7\u00e3o e do fortalecimento de tend\u00f5es e ligamentos que estabilizam as articula\u00e7\u00f5es. Neste artigo explicamos-lhe como atua, para quem \u00e9 indicado e como integr\u00e1-lo na sua rotina di\u00e1ria.      <\/p>\n<p class=\"font-claude-response-body break-words whitespace-normal leading-[1.7]\"><strong>\u2192 Para descobrir todos os benef\u00edcios do sil\u00edcio org\u00e2nico, consulte o nosso guia completo: <a class=\"underline underline underline-offset-2 decoration-1 decoration-current\/40 hover:decoration-current focus:decoration-current\" href=\"https:\/\/siliciopro.com\/pt-pt\/silicio-organico-beneficios\/\">Sil\u00edcio Org\u00e2nico: Benef\u00edcios, Utiliza\u00e7\u00f5es e Conselhos<\/a><\/strong><\/p>\n<h2 class=\"text-text-100 mt-3 -mb-1 text-[1.125rem] font-bold\">Porque \u00e9 que as Articula\u00e7\u00f5es se Deterioram com o Tempo?<\/h2>\n<p class=\"font-claude-response-body break-words whitespace-normal leading-[1.7]\">As articula\u00e7\u00f5es s\u00e3o estruturas complexas formadas por cartilagem, l\u00edquido sinovial, tend\u00f5es e ligamentos. O seu bom estado depende de um equil\u00edbrio delicado entre desgaste e regenera\u00e7\u00e3o. Quando esse equil\u00edbrio se quebra \u2014 devido \u00e0 idade, ao desporto intenso, ao excesso de peso ou a fatores gen\u00e9ticos \u2014 surgem os problemas.  <\/p>\n<p class=\"font-claude-response-body break-words whitespace-normal leading-[1.7]\">O corpo humano necessita de aproximadamente 50 mg de sil\u00edcio por dia. O problema \u00e9 que nascemos com uma reserva cheia que vamos esvaziando pouco a pouco ao longo dos anos. A partir dos 35-40 anos, os n\u00edveis de sil\u00edcio no organismo diminuem de forma significativa e, com eles, a capacidade do corpo de regenerar os tecidos articulares.  <\/p>\n<p class=\"font-claude-response-body break-words whitespace-normal leading-[1.7]\">O sil\u00edcio \u00e9 parte integrante dos tecidos e contribui para a constitui\u00e7\u00e3o de ossos e cartilagens articulares, bem como para a forma\u00e7\u00e3o dos tecidos conjuntivos. A suplementa\u00e7\u00e3o com sil\u00edcio \u00e9 especialmente \u00fatil na presen\u00e7a de osteoporose, artrite, artrose e outras doen\u00e7as reum\u00e1ticas. <\/p>\n<h2 class=\"text-text-100 mt-3 -mb-1 text-[1.125rem] font-bold\">Como Atua o Sil\u00edcio Org\u00e2nico nas Articula\u00e7\u00f5es?<\/h2>\n<h3 class=\"text-text-100 mt-2 -mb-1 text-base font-bold\">Regenera\u00e7\u00e3o da Cartilagem<\/h3>\n<p class=\"font-claude-response-body break-words whitespace-normal leading-[1.7]\">O sil\u00edcio org\u00e2nico \u00e9 fundamental para a forma\u00e7\u00e3o de glicosaminoglicanos, mol\u00e9culas estruturais presentes na cartilagem. Este mineral promove a repara\u00e7\u00e3o dos tecidos articulares. <\/p>\n<p class=\"font-claude-response-body break-words whitespace-normal leading-[1.7]\">A cartilagem articular, que atua como amortecedor entre os ossos, \u00e9 composta em grande parte por colag\u00e9nio. O sil\u00edcio estimula a s\u00edntese de colag\u00e9nio tipo II, que \u00e9 o principal componente da cartilagem. Ao melhorar a qualidade e a quantidade de colag\u00e9nio, o sil\u00edcio contribui para a sa\u00fade articular e a mobilidade.  <\/p>\n<h3 class=\"text-text-100 mt-2 -mb-1 text-base font-bold\">A\u00e7\u00e3o Anti-inflamat\u00f3ria<\/h3>\n<p class=\"font-claude-response-body break-words whitespace-normal leading-[1.7]\">O sil\u00edcio org\u00e2nico atua como um modulador anti-inflamat\u00f3rio que pode reduzir a velocidade de degrada\u00e7\u00e3o da cartilagem. Doentes com artrose moderada referem menor rigidez e desconforto articular ap\u00f3s suplementarem a sua alimenta\u00e7\u00e3o com este mineral. <\/p>\n<h3 class=\"text-text-100 mt-2 -mb-1 text-base font-bold\">Manuten\u00e7\u00e3o do L\u00edquido Sinovial<\/h3>\n<p class=\"font-claude-response-body break-words whitespace-normal leading-[1.7]\">O sil\u00edcio org\u00e2nico contribui para a manuten\u00e7\u00e3o da viscosidade do l\u00edquido sinovial, que atua como lubrificante natural nas articula\u00e7\u00f5es. Um l\u00edquido sinovial de qualidade \u00e9 essencial para que as articula\u00e7\u00f5es se movam com fluidez e sem dor. <\/p>\n<h3 class=\"text-text-100 mt-2 -mb-1 text-base font-bold\">Fortalecimento de Tend\u00f5es e Ligamentos<\/h3>\n<p class=\"font-claude-response-body break-words whitespace-normal leading-[1.7]\">O sil\u00edcio est\u00e1 associado a um aumento da densidade \u00f3ssea e a uma maior resist\u00eancia dos tend\u00f5es. A combina\u00e7\u00e3o destes efeitos contribui para a estabilidade da articula\u00e7\u00e3o e para a prote\u00e7\u00e3o dos tecidos conjuntivos. <\/p>\n<h2 class=\"text-text-100 mt-3 -mb-1 text-[1.125rem] font-bold\">Para Quem \u00e9 Indicado?<\/h2>\n<h3 class=\"text-text-100 mt-2 -mb-1 text-base font-bold\">Pessoas com Artrose ou Reumatismos<\/h3>\n<p class=\"font-claude-response-body break-words whitespace-normal leading-[1.7]\">A artrose \u00e9 uma das doen\u00e7as articulares mais frequentes \u2014 e uma das mais incapacitantes. Estudos cl\u00ednicos preliminares observaram melhorias na mobilidade e redu\u00e7\u00e3o da dor em doentes com artrose e artrite que receberam suplementa\u00e7\u00e3o com sil\u00edcio org\u00e2nico durante per\u00edodos superiores a tr\u00eas meses. <\/p>\n<h3 class=\"text-text-100 mt-2 -mb-1 text-base font-bold\">Desportistas e Pessoas Ativas<\/h3>\n<p class=\"font-claude-response-body break-words whitespace-normal leading-[1.7]\">O desporto intenso submete as articula\u00e7\u00f5es a um esfor\u00e7o consider\u00e1vel. A combina\u00e7\u00e3o dos efeitos do sil\u00edcio org\u00e2nico contribui para a prote\u00e7\u00e3o dos tecidos conjuntivos em pessoas que praticam desportos de alto impacto ou apresentam fatores de risco para degenera\u00e7\u00e3o articular. <\/p>\n<p class=\"font-claude-response-body break-words whitespace-normal leading-[1.7]\">Por isso, o sil\u00edcio org\u00e2nico \u00e9 especialmente valorizado por corredores, ciclistas, tenistas e qualquer pessoa que submeta as suas articula\u00e7\u00f5es a um esfor\u00e7o regular.<\/p>\n<h3 class=\"text-text-100 mt-2 -mb-1 text-base font-bold\">Pessoas com Mais de 40 Anos<\/h3>\n<p class=\"font-claude-response-body break-words whitespace-normal leading-[1.7]\">A partir dos 40 anos, os n\u00edveis de sil\u00edcio no organismo diminuem de forma natural e irrevers\u00edvel. A suplementa\u00e7\u00e3o regular permite compensar essa perda e manter as articula\u00e7\u00f5es em melhor estado durante mais tempo. <\/p>\n<h2 class=\"text-text-100 mt-3 -mb-1 text-[1.125rem] font-bold\">Sil\u00edcio Org\u00e2nico e Glucosamina + Condroitina: a Combina\u00e7\u00e3o Ideal<\/h2>\n<p class=\"font-claude-response-body break-words whitespace-normal leading-[1.7]\">Alguns dos nossos produtos combinam o sil\u00edcio org\u00e2nico com outros ativos reconhecidos para o conforto articular:<\/p>\n<p class=\"font-claude-response-body break-words whitespace-normal leading-[1.7]\">A glucosamina e a condroitina conferem elasticidade \u00e0 cartilagem, favorecem a sua capacidade de amortecimento e ajudam a abrandar o desgaste articular. Esta combina\u00e7\u00e3o atua de forma sin\u00e9rgica para oferecer um suporte completo e eficaz para a cartilagem, os ossos e os tecidos conjuntivos. <\/p>\n<p class=\"font-claude-response-body break-words whitespace-normal leading-[1.7]\">O sil\u00edcio org\u00e2nico potencia a sua a\u00e7\u00e3o quando \u00e9 administrado juntamente com magn\u00e9sio e vitamina C. Esta combina\u00e7\u00e3o estimula a produ\u00e7\u00e3o de colag\u00e9nio e favorece a remineraliza\u00e7\u00e3o \u00f3ssea.<\/p>\n<h2 class=\"text-text-100 mt-3 -mb-1 text-[1.125rem] font-bold\">Como Utilizar o Sil\u00edcio Org\u00e2nico para as Articula\u00e7\u00f5es?<\/h2>\n<h3 class=\"text-text-100 mt-2 -mb-1 text-base font-bold\">Em Formato L\u00edquido ou Comprimidos \u2014 A\u00e7\u00e3o Interna<\/h3>\n<p class=\"font-claude-response-body break-words whitespace-normal leading-[1.7]\">O sil\u00edcio org\u00e2nico l\u00edquido j\u00e1 vem pronto a tomar \u2014 n\u00e3o precisa de ser dilu\u00eddo. \u00c9 geralmente consumido de manh\u00e3 em jejum, diretamente do frasco. Os comprimidos s\u00e3o uma alternativa pr\u00e1tica para quem prefere uma dose precisa, especialmente \u00fatil quando est\u00e1 em movimento.  <\/p>\n<p class=\"font-claude-response-body break-words whitespace-normal leading-[1.7]\">A regularidade \u00e9 essencial: os efeitos do sil\u00edcio org\u00e2nico nas articula\u00e7\u00f5es apreciam-se com uma suplementa\u00e7\u00e3o cont\u00ednua de, pelo menos, 2 a 3 meses. Por isso, os nossos packs de cura foram pensados para o acompanhar ao longo do tempo \u2014 dispon\u00edveis em formato de 2, 4, 6 ou 12 meses \u2014 combinando suplementos e g\u00e9is a pre\u00e7o reduzido para uma a\u00e7\u00e3o completa nas suas articula\u00e7\u00f5es. <\/p>\n<p class=\"font-claude-response-body break-words whitespace-normal leading-[1.7]\"><strong>\u2192 <a class=\"underline underline underline-offset-2 decoration-1 decoration-current\/40 hover:decoration-current focus:decoration-current\" href=\"https:\/\/siliciopro.com\/pt-pt\/product-category\/packs\/\">Descubra os nossos packs de cura para as articula\u00e7\u00f5es<\/a><\/strong><\/p>\n<p class=\"font-claude-response-body break-words whitespace-normal leading-[1.7]\"><strong>\u2192 <a class=\"underline underline underline-offset-2 decoration-1 decoration-current\/40 hover:decoration-current focus:decoration-current\" href=\"https:\/\/siliciopro.com\/pt-pt\/product-category\/suplementos-alimentares\/\">Descubra os nossos suplementos alimentares de sil\u00edcio org\u00e2nico<\/a><\/strong><\/p>\n<h3 class=\"text-text-100 mt-2 -mb-1 text-base font-bold\">Em Gel \u2014 A\u00e7\u00e3o Externa Localizada<\/h3>\n<p class=\"font-claude-response-body break-words whitespace-normal leading-[1.7]\">O gel de sil\u00edcio org\u00e2nico aplica-se diretamente na zona dolorosa \u2014 joelho, anca, ombro, pulso \u2014 com uma massagem suave at\u00e9 \u00e0 sua completa absor\u00e7\u00e3o. A sua textura n\u00e3o oleosa permite uma aplica\u00e7\u00e3o confort\u00e1vel a qualquer hora do dia. <\/p>\n<p class=\"font-claude-response-body break-words whitespace-normal leading-[1.7]\">A combina\u00e7\u00e3o da toma interna com a aplica\u00e7\u00e3o externa oferece uma a\u00e7\u00e3o completa no conforto articular.<\/p>\n<p class=\"font-claude-response-body break-words whitespace-normal leading-[1.7]\"><strong>\u2192 <a class=\"underline underline underline-offset-2 decoration-1 decoration-current\/40 hover:decoration-current focus:decoration-current\" href=\"https:\/\/siliciopro.com\/pt-pt\/product-category\/geis-e-cremes\/\">Descubra a nossa gama de g\u00e9is e cremes de sil\u00edcio org\u00e2nico<\/a><\/strong><\/p>\n<h2 class=\"text-text-100 mt-3 -mb-1 text-[1.125rem] font-bold\">O que Dizem os Utilizadores<\/h2>\n<p class=\"font-claude-response-body break-words whitespace-normal leading-[1.7]\">Alguns utilizadores referem que, ap\u00f3s tomarem sil\u00edcio org\u00e2nico, a dor diminui consideravelmente e a cartilagem parece regenerar-se. Outros indicam que pessoas de 80 e 90 anos que tomam sil\u00edcio org\u00e2nico se mostram mais \u00e1geis, fortes e sem dores, mesmo em casos de osteoporose.  <\/p>\n<h2 class=\"text-text-100 mt-3 -mb-1 text-[1.125rem] font-bold\">Os Produtos SilicioPro para o Conforto Articular<\/h2>\n<p class=\"font-claude-response-body break-words whitespace-normal leading-[1.7]\">Na SilicioPro, trabalhamos com a Bio Morvan, fabricante franc\u00eas especializado em sil\u00edcio org\u00e2nico de elevada biodisponibilidade. Todos os nossos produtos s\u00e3o fabricados em Fran\u00e7a, de acordo com as normas de qualidade europeias, sem corantes artificiais. <\/p>\n<p class=\"font-claude-response-body break-words whitespace-normal leading-[1.7]\">Quer conhecer a hist\u00f3ria por detr\u00e1s da SilicioPro? <strong><a class=\"underline underline underline-offset-2 decoration-1 decoration-current\/40 hover:decoration-current focus:decoration-current\" href=\"https:\/\/siliciopro.com\/sobre-silicio-pro\/\">Descubra quem somos<\/a><\/strong><\/p>\n<p class=\"font-claude-response-body break-words whitespace-normal leading-[1.7]\"><strong>\u2192 <a class=\"underline underline underline-offset-2 decoration-1 decoration-current\/40 hover:decoration-current focus:decoration-current\" href=\"https:\/\/siliciopro.com\/pt-pt\/loja\/\">Ver todos os nossos produtos<\/a><\/strong><\/p>\n<h2 class=\"text-text-100 mt-3 -mb-1 text-[1.125rem] font-bold\">Perguntas Frequentes sobre Sil\u00edcio Org\u00e2nico e Articula\u00e7\u00f5es<\/h2>\n<p class=\"font-claude-response-body break-words whitespace-normal leading-[1.7]\"><strong>O sil\u00edcio org\u00e2nico ajuda realmente na artrose?<\/strong> Sim. O sil\u00edcio org\u00e2nico atua em v\u00e1rios mecanismos envolvidos na artrose: estimula a s\u00edntese de colag\u00e9nio e glicosaminoglicanos para regenerar a cartilagem, reduz a inflama\u00e7\u00e3o articular e mant\u00e9m a viscosidade do l\u00edquido sinovial. Estudos cl\u00ednicos preliminares observaram melhorias na mobilidade e redu\u00e7\u00e3o da dor ap\u00f3s uma suplementa\u00e7\u00e3o cont\u00ednua de mais de tr\u00eas meses.  <\/p>\n<p class=\"font-claude-response-body break-words whitespace-normal leading-[1.7]\"><strong>Durante quanto tempo \u00e9 necess\u00e1rio tomar sil\u00edcio org\u00e2nico para notar resultados nas articula\u00e7\u00f5es?<\/strong> Os efeitos nas articula\u00e7\u00f5es s\u00e3o geralmente notados ap\u00f3s 2 a 3 meses de suplementa\u00e7\u00e3o regular. A consist\u00eancia \u00e9 fundamental para obter resultados duradouros. <\/p>\n<p class=\"font-claude-response-body break-words whitespace-normal leading-[1.7]\"><strong>\u00c9 melhor o sil\u00edcio org\u00e2nico l\u00edquido ou em comprimidos para as articula\u00e7\u00f5es?<\/strong> Ambos os formatos s\u00e3o eficazes. O l\u00edquido oferece uma absor\u00e7\u00e3o mais r\u00e1pida, enquanto os comprimidos s\u00e3o mais pr\u00e1ticos para uso di\u00e1rio. A combina\u00e7\u00e3o com glucosamina e condroitina em alguns comprimidos proporciona ainda uma a\u00e7\u00e3o sin\u00e9rgica na cartilagem.  <\/p>\n<p class=\"font-claude-response-body break-words whitespace-normal leading-[1.7]\"><strong>\u00c9 poss\u00edvel combinar a toma interna de sil\u00edcio org\u00e2nico com o gel de aplica\u00e7\u00e3o externa?<\/strong> Sim, e, de facto, \u00e9 a combina\u00e7\u00e3o mais recomendada. A toma interna atua no terreno biol\u00f3gico global, enquanto o gel permite uma a\u00e7\u00e3o localizada e imediata na zona dolorosa.<\/p>\n<p class=\"font-claude-response-body break-words whitespace-normal leading-[1.7]\"><strong>O sil\u00edcio org\u00e2nico tem contraindica\u00e7\u00f5es para as articula\u00e7\u00f5es?<\/strong> O sil\u00edcio org\u00e2nico \u00e9 geralmente bem tolerado. No entanto, recomenda-se que consulte um m\u00e9dico antes de iniciar a suplementa\u00e7\u00e3o, especialmente em caso de doen\u00e7as renais, metab\u00f3licas, ou se estiver a tomar medicamentos. N\u00e3o substitui qualquer tratamento m\u00e9dico.<\/p>\n<p>[\/et_pb_text][\/et_pb_column][\/et_pb_row][\/et_pb_section]<\/p>\n","protected":false},"excerpt":{"rendered":"<p>Sente rigidez ao levantar-se de manh\u00e3? Doem-lhe os joelhos ao descer escadas? As suas articula\u00e7\u00f5es j\u00e1 n\u00e3o respondem como antes? N\u00e3o est\u00e1 sozinho. O desgaste articular afeta milh\u00f5es de pessoas \u2014 desportistas, pessoas mais velhas e tamb\u00e9m quem simplesmente nota como o passar do tempo cobra o seu pre\u00e7o \u00e0s articula\u00e7\u00f5es. O sil\u00edcio org\u00e2nico pode [&hellip;]<\/p>\n","protected":false},"author":1,"featured_media":100833,"comment_status":"open","ping_status":"open","sticky":false,"template":"","format":"standard","meta":{"_et_pb_use_builder":"on","_et_pb_old_content":"","_et_gb_content_width":"","_jetpack_memberships_contains_paid_content":false,"footnotes":""},"categories":[129],"tags":[],"class_list":["post-100832","post","type-post","status-publish","format-standard","has-post-thumbnail","hentry","category-articulacoes-mobilidade"],"jetpack_featured_media_url":"https:\/\/siliciopro.com\/wp-content\/uploads\/2026\/04\/Shooting-Produit-cplmt-alimentaire-37-scaled.jpg","jetpack_sharing_enabled":true,"_links":{"self":[{"href":"https:\/\/siliciopro.com\/pt-pt\/wp-json\/wp\/v2\/posts\/100832","targetHints":{"allow":["GET"]}}],"collection":[{"href":"https:\/\/siliciopro.com\/pt-pt\/wp-json\/wp\/v2\/posts"}],"about":[{"href":"https:\/\/siliciopro.com\/pt-pt\/wp-json\/wp\/v2\/types\/post"}],"author":[{"embeddable":true,"href":"https:\/\/siliciopro.com\/pt-pt\/wp-json\/wp\/v2\/users\/1"}],"replies":[{"embeddable":true,"href":"https:\/\/siliciopro.com\/pt-pt\/wp-json\/wp\/v2\/comments?post=100832"}],"version-history":[{"count":2,"href":"https:\/\/siliciopro.com\/pt-pt\/wp-json\/wp\/v2\/posts\/100832\/revisions"}],"predecessor-version":[{"id":100835,"href":"https:\/\/siliciopro.com\/pt-pt\/wp-json\/wp\/v2\/posts\/100832\/revisions\/100835"}],"wp:featuredmedia":[{"embeddable":true,"href":"https:\/\/siliciopro.com\/pt-pt\/wp-json\/wp\/v2\/media\/100833"}],"wp:attachment":[{"href":"https:\/\/siliciopro.com\/pt-pt\/wp-json\/wp\/v2\/media?parent=100832"}],"wp:term":[{"taxonomy":"category","embeddable":true,"href":"https:\/\/siliciopro.com\/pt-pt\/wp-json\/wp\/v2\/categories?post=100832"},{"taxonomy":"post_tag","embeddable":true,"href":"https:\/\/siliciopro.com\/pt-pt\/wp-json\/wp\/v2\/tags?post=100832"}],"curies":[{"name":"wp","href":"https:\/\/api.w.org\/{rel}","templated":true}]}}